{"id":896,"date":"2025-03-30T13:12:42","date_gmt":"2025-03-30T13:12:42","guid":{"rendered":"https:\/\/wp2008.ius.bg.ac.rs\/bac2012\/?p=896"},"modified":"2025-04-03T00:45:54","modified_gmt":"2025-04-03T00:45:54","slug":"xv-belgrade-arbitration-conference-save-the-date","status":"publish","type":"post","link":"https:\/\/wp2008.ius.bg.ac.rs\/bac2012\/2025\/03\/30\/xv-belgrade-arbitration-conference-save-the-date\/","title":{"rendered":"XV Belgrade Arbitration Conference Program is now Available"},"content":{"rendered":"<p><img loading=\"lazy\" decoding=\"async\" class=\"alignnone size-medium\" src=\"http:\/\/wp2008.ius.bg.ac.rs\/bgmoot\/files\/2025\/01\/03-Bilbord_Text.2025-768x566.jpg\" width=\"768\" height=\"566\" \/><\/p>\n<p>XV Belgrade Arbitration Conference will take place on Friday, April 4, 2025 at the Serbian Chamber of Commerce and Industry (Resavska street No. 13-15).<\/p>\n<p>As in the past, the Conference will be in English. Attendance is free of charge.<\/p>\n<p>There is no prior registration required. Just join us when you can.<\/p>\n<table width=\"662\">\n<tbody>\n<tr>\n<td colspan=\"3\" width=\"662\"><strong>XV BELGRADE ARBITRATION CONFERENCE<\/strong><\/p>\n<p>&nbsp;<\/p>\n<p><strong>4 April 2025<\/strong><\/p>\n<p><em>Serbian Chamber of Commerce and Industry<\/em><\/p>\n<p>&nbsp;<\/td>\n<\/tr>\n<tr>\n<td colspan=\"3\" width=\"662\"><strong>Welcome Address by the Organizers<\/strong><\/p>\n<p>13:15<\/td>\n<\/tr>\n<tr>\n<td colspan=\"3\" width=\"662\">13:30<em> \u00a0\u00a0\u00a0\u00a0\u00a0\u00a0\u00a0\u00a0\u00a0Signing and presentation of the DIS-SAA\/BAC Cooperation Agreement<\/em><\/td>\n<\/tr>\n<tr>\n<td colspan=\"3\" width=\"662\"><strong>I PANEL \u2013<\/strong><\/p>\n<p><strong>Blueprints for Resolution: Navigating FIDIC Contracts and Construction Arbitration<\/strong><\/p>\n<p>13:40- 15:30<\/td>\n<\/tr>\n<tr>\n<td width=\"221\"><strong>Chair:<\/strong><\/p>\n<p><a href=\"https:\/\/nkp.rs\/team-member\/jovan-nikcevic\/\">Jovan Nik\u010devi\u0107<\/a><\/td>\n<td colspan=\"2\" width=\"441\">Nik\u010devi\u0107 Kapor law office<\/p>\n<p>\/SERBIA<\/td>\n<\/tr>\n<tr>\n<td width=\"221\"><a href=\"https:\/\/www.seppalaarbitration.com\/\">Chris Sepp\u00e4l\u00e4 <\/a><\/td>\n<td width=\"191\">Sepp\u00e4l\u00e4 Arbitration<\/p>\n<p>\/FRANCE<\/td>\n<td rowspan=\"4\" width=\"251\"><em>On Dispute Avoidance and Adjudication Boards (DAABs), Time Bar and Claim Proceedings, and other pertinent topics<\/em><\/p>\n<p>&nbsp;<\/td>\n<\/tr>\n<tr>\n<td width=\"221\"><a href=\"https:\/\/bdkadvokati.com\/people\/milan-dakic\/\">Milan Daki\u0107<\/a><\/td>\n<td width=\"191\">BDK Advokati<br \/>\n\/SERBIA<\/td>\n<\/tr>\n<tr>\n<td width=\"221\"><a href=\"https:\/\/www.bakermckenzie.com\/en\/people\/k\/kotb-sally\">Sally Kottb<\/a><\/td>\n<td width=\"191\">BakerMcKenzie<br \/>\n\/UAE<\/td>\n<\/tr>\n<tr>\n<td width=\"221\"><a href=\"https:\/\/www.karanovicpartners.com\/people\/?lawyer=filip-susulic\">Filip \u0160u\u0161uli\u0107<\/a><\/td>\n<td width=\"191\">Karanovi\u0107 &amp; Partners<br \/>\n\/SERBIA<\/td>\n<\/tr>\n<tr>\n<td colspan=\"3\" width=\"662\"><strong>Discussion<\/strong><\/p>\n<p><strong>\u00a0<\/strong><\/td>\n<\/tr>\n<\/tbody>\n<\/table>\n<p><em>\u00a015:30-15:50 coffee break<\/em><\/p>\n<table width=\"662\">\n<tbody>\n<tr>\n<td colspan=\"3\" width=\"662\"><strong>II PANEL \u2013<br \/>\nArbitration at a Crossroads: Balancing Procedure, Jurisdiction, and Strategy<\/strong><strong>\u00a0<\/strong>15:50-17:30<\/td>\n<\/tr>\n<tr>\n<td width=\"221\"><strong>Chair:<\/strong><\/p>\n<p><a href=\"https:\/\/cms.law\/en\/deu\/people\/evgenia-peiffer\">Evgenia Peiffer<\/a><\/td>\n<td colspan=\"2\" width=\"441\">CMS<br \/>\n\/ GERMANY<\/td>\n<\/tr>\n<tr>\n<td width=\"221\"><a href=\"https:\/\/www.wolftheiss.com\/lawyer\/aleksandar-ristic\/\">Aleksandar Risti\u0107<\/a><\/td>\n<td width=\"191\">Wolf Theiss<br \/>\n\/SERBIA<\/td>\n<td width=\"251\"><em>Asymmetrical Jurisdiction Clauses: Effects of the New CJEU Judgement<\/em><\/td>\n<\/tr>\n<tr>\n<td width=\"221\"><a href=\"https:\/\/www.squirepattonboggs.com\/en\/professionals\/s\/scekic-marija\">Marija \u0160\u0107eki\u0107<\/a><\/td>\n<td width=\"191\">Squire Patton Boggs<br \/>\n\/UK<\/td>\n<td width=\"251\"><em>Pre-Arbitration Procedural Requirements: Updates from the Dismal Swamp<\/em><\/p>\n<p>&nbsp;<\/p>\n<p><em>\u00a0<\/em><\/td>\n<\/tr>\n<tr>\n<td width=\"221\"><a href=\"https:\/\/www.disarb.org\/en\/membership\/members\/member\/628?cHash=d9cee77177acbce88a5db85521ce9934\">Reinmar Wolff<\/a><\/td>\n<td width=\"191\">DIS\/University of Marburg<br \/>\n\/GERMANY<\/td>\n<td width=\"251\"><em>Preliminary views and pro-settlement approach under DIS rules<\/em><\/td>\n<\/tr>\n<tr>\n<td width=\"221\"><a href=\"https:\/\/www.schoenherr.rs\/people-detail\/blagoje-milosevic\/\">Blagoje Milo\u0161evi\u0107<\/a><\/td>\n<td width=\"191\">Schoenherr<br \/>\n\/SERBIA<\/td>\n<td width=\"251\"><em>Parallel Proceedings: Issues and Practical Solutions<\/em><\/td>\n<\/tr>\n<tr>\n<td colspan=\"3\" width=\"662\"><strong>Discussion<\/strong><\/p>\n<p>&nbsp;<\/td>\n<\/tr>\n<\/tbody>\n<\/table>\n<p><em>\u00a017:30-17:50 coffee break<\/em><\/p>\n<p>&nbsp;<\/p>\n<table width=\"662\">\n<tbody>\n<tr>\n<td colspan=\"3\" width=\"662\"><strong>III PANEL \u2013<br \/>\nBehind the Curtain: Legal Privilege, Admissibility, and Procedural Challenges in Arbitration<\/strong><\/td>\n<\/tr>\n<tr>\n<td width=\"221\">17:50-19:45<\/td>\n<td colspan=\"2\" width=\"441\"><\/td>\n<\/tr>\n<tr>\n<td width=\"221\"><strong>Chair:<\/strong><\/p>\n<p><a href=\"https:\/\/www.karanovicpartners.com\/people\/?lawyer=milica-savic\">Milica Savi\u0107<\/a><\/td>\n<td width=\"191\">Karanovi\u0107 &amp; Partners<br \/>\n\/SERBIA<\/td>\n<td width=\"251\"><\/td>\n<\/tr>\n<tr>\n<td width=\"221\"><a href=\"https:\/\/www.wilmerhale.com\/en\/people\/greta-koerner\">Greta K\u00f6rner<\/a><\/td>\n<td width=\"191\">WilmerHale<\/p>\n<p>\/UK\/GERMANY<\/td>\n<td width=\"251\"><em>Legal privilege in arbitration: problems, recent developments and efforts towards a uniform framework<\/em><\/td>\n<\/tr>\n<tr>\n<td width=\"221\"><a href=\"https:\/\/nyarbitration.com\/members\/p-parvanov\/\">Parvan Parvanov<\/a><\/td>\n<td width=\"191\">I.A. Chambers<\/p>\n<p>\/USA<\/td>\n<td width=\"251\"><em>Piercing privilege &#8211; the admissibility of without prejudice communications in international arbitration<\/em><\/td>\n<\/tr>\n<tr>\n<td width=\"221\"><a href=\"https:\/\/www.bredinprat.fr\/en\/lawyer\/shane-daly\/\">Shane Daly<\/a><\/td>\n<td width=\"191\">BREDIN PRAT<\/p>\n<p>\/FRANCE<\/td>\n<td width=\"251\"><em>Admissibility of Illegally Obtained Evidence<\/em><\/td>\n<\/tr>\n<tr>\n<td width=\"221\"><a href=\"https:\/\/sog.rs\/our-team\/detail\/zivkovic-katarina\">Katarina \u017divkovi\u0107<\/a><\/td>\n<td width=\"191\">SOG-KINSTELLAR<\/p>\n<p>\/SERBIA<\/td>\n<td width=\"251\"><em>Arbitration in the Digital Age: Protecting Data Privacy and Cybersecurity<\/em><\/td>\n<\/tr>\n<tr>\n<td width=\"221\"><a href=\"https:\/\/www.jpm.law\/lawyer\/dorde-novcic\/\">\u0110or\u0111e Nov\u010di\u0107<\/a><\/td>\n<td width=\"191\">JPM &amp; Partners<\/p>\n<p>\/SERBIA<\/td>\n<td width=\"251\"><em>Temporary and Interim Measures in International Arbitration: Much Ado About Nothing?<\/em><\/td>\n<\/tr>\n<tr>\n<td colspan=\"3\" width=\"662\"><strong>Discussion<\/strong><\/p>\n<p><strong>\u00a0<\/strong><\/td>\n<\/tr>\n<tr>\n<td colspan=\"3\" width=\"662\"><strong>\u00a0<\/strong><\/p>\n<p><strong>19:45 Opening of XVII Belgrade Open Pre-Moot and cocktail<\/strong><\/td>\n<\/tr>\n<\/tbody>\n<\/table>\n<p>&nbsp;<\/p>\n<p>&nbsp;<\/p>\n","protected":false},"excerpt":{"rendered":"<p>XV Belgrade Arbitration Conference will take place on Friday, April 4, 2025 at the Serbian Chamber of Commerce and Industry (Resavska street No. 13-15). As in the past, the Conference will be in English. Attendance is free of charge. There is no prior registration required. Just join us when you can. XV BELGRADE ARBITRATION CONFERENCE [&hellip;]<\/p>\n","protected":false},"author":1,"featured_media":0,"comment_status":"closed","ping_status":"closed","sticky":false,"template":"","format":"standard","meta":{"footnotes":""},"categories":[1],"tags":[],"class_list":["post-896","post","type-post","status-publish","format-standard","hentry","category-uncategorized"],"_links":{"self":[{"href":"https:\/\/wp2008.ius.bg.ac.rs\/bac2012\/wp-json\/wp\/v2\/posts\/896","targetHints":{"allow":["GET"]}}],"collection":[{"href":"https:\/\/wp2008.ius.bg.ac.rs\/bac2012\/wp-json\/wp\/v2\/posts"}],"about":[{"href":"https:\/\/wp2008.ius.bg.ac.rs\/bac2012\/wp-json\/wp\/v2\/types\/post"}],"author":[{"embeddable":true,"href":"https:\/\/wp2008.ius.bg.ac.rs\/bac2012\/wp-json\/wp\/v2\/users\/1"}],"replies":[{"embeddable":true,"href":"https:\/\/wp2008.ius.bg.ac.rs\/bac2012\/wp-json\/wp\/v2\/comments?post=896"}],"version-history":[{"count":9,"href":"https:\/\/wp2008.ius.bg.ac.rs\/bac2012\/wp-json\/wp\/v2\/posts\/896\/revisions"}],"predecessor-version":[{"id":922,"href":"https:\/\/wp2008.ius.bg.ac.rs\/bac2012\/wp-json\/wp\/v2\/posts\/896\/revisions\/922"}],"wp:attachment":[{"href":"https:\/\/wp2008.ius.bg.ac.rs\/bac2012\/wp-json\/wp\/v2\/media?parent=896"}],"wp:term":[{"taxonomy":"category","embeddable":true,"href":"https:\/\/wp2008.ius.bg.ac.rs\/bac2012\/wp-json\/wp\/v2\/categories?post=896"},{"taxonomy":"post_tag","embeddable":true,"href":"https:\/\/wp2008.ius.bg.ac.rs\/bac2012\/wp-json\/wp\/v2\/tags?post=896"}],"curies":[{"name":"wp","href":"https:\/\/api.w.org\/{rel}","templated":true}]}}