{"id":941,"date":"2019-06-14T15:11:15","date_gmt":"2019-06-14T13:11:15","guid":{"rendered":"http:\/\/wp2008.ius.bg.ac.rs\/kriminoloskasekcija\/?p=941"},"modified":"2019-07-18T15:42:18","modified_gmt":"2019-07-18T13:42:18","slug":"books-promotions","status":"publish","type":"post","link":"https:\/\/wp2008.ius.bg.ac.rs\/kriminoloskasekcija\/2019\/06\/14\/books-promotions\/","title":{"rendered":"Books Promotions"},"content":{"rendered":"\n<p>On February the 21st in the Serbian Academy of Arts and Sciences  at the session of the Committee for the population study  a translation of the book &#8220;The guards of concentration camps for Serbs in the north of Norway&#8221; (author Nils Christie) was presented. The book was translated from Russian version by prof. dr Rajko Bukvi\u0107 and published in the edition Crimen.\u00a0 <\/p>\n\n\n\n<figure class=\"wp-block-image\"><img loading=\"lazy\" decoding=\"async\" width=\"1024\" height=\"576\" src=\"http:\/\/wp2008.ius.bg.ac.rs\/kriminoloskasekcija\/files\/2019\/07\/Oslo.University-1024x576.jpg\" alt=\"\" class=\"wp-image-942\" srcset=\"https:\/\/wp2008.ius.bg.ac.rs\/kriminoloskasekcija\/files\/2019\/07\/Oslo.University-1024x576.jpg 1024w, https:\/\/wp2008.ius.bg.ac.rs\/kriminoloskasekcija\/files\/2019\/07\/Oslo.University-300x169.jpg 300w, https:\/\/wp2008.ius.bg.ac.rs\/kriminoloskasekcija\/files\/2019\/07\/Oslo.University-768x432.jpg 768w, https:\/\/wp2008.ius.bg.ac.rs\/kriminoloskasekcija\/files\/2019\/07\/Oslo.University.jpg 1600w\" sizes=\"auto, (max-width: 1024px) 100vw, 1024px\" \/><figcaption>Translation of the book at  the Department of Criminology at the University of Oslo <\/figcaption><\/figure>\n\n\n\n<div class=\"wp-block-image\"><figure class=\"alignright\"><img loading=\"lazy\" decoding=\"async\" width=\"300\" height=\"200\" src=\"http:\/\/wp2008.ius.bg.ac.rs\/kriminoloskasekcija\/files\/2019\/07\/IMG_0289-300x200.jpg\" alt=\"\" class=\"wp-image-943\" \/><figcaption>Promotion of the book &#8220;The media, crime and the courts&#8221;<\/figcaption><\/figure><\/div>\n\n\n\n<p>At the Faculty of Security University of Belgrade on March the 26th, 2019, the book &#8220;The media, crime and the courts,&#8221; whose author is Dr. Aleksandra Ili\u0107, was promoted. During the presentation of the monograph audience was addressed by the Dean of the Faculty of Security professor.\u00a0Dr. Vladimir Cvetkovi\u0107, prof.\u00a0Dr. Djordje Ignjatovi\u0107, Appellate Court judge Miodrag Maji\u0107, journalist Momir Ili\u0107 and author.<\/p>\n\n\n\n<p><\/p>\n","protected":false},"excerpt":{"rendered":"<p>On February the 21st in the Serbian Academy of Arts and Sciences at the session of the Committee for the population study a translation of the book &#8220;The guards of concentration camps for Serbs in the north of Norway&#8221; (author Nils Christie) was presented. The book was translated from Russian version by prof. dr Rajko [&hellip;]<\/p>\n","protected":false},"author":92,"featured_media":0,"comment_status":"open","ping_status":"open","sticky":false,"template":"","format":"standard","meta":{"footnotes":""},"categories":[40],"tags":[],"class_list":["post-941","post","type-post","status-publish","format-standard","hentry","category-40"],"_links":{"self":[{"href":"https:\/\/wp2008.ius.bg.ac.rs\/kriminoloskasekcija\/wp-json\/wp\/v2\/posts\/941","targetHints":{"allow":["GET"]}}],"collection":[{"href":"https:\/\/wp2008.ius.bg.ac.rs\/kriminoloskasekcija\/wp-json\/wp\/v2\/posts"}],"about":[{"href":"https:\/\/wp2008.ius.bg.ac.rs\/kriminoloskasekcija\/wp-json\/wp\/v2\/types\/post"}],"author":[{"embeddable":true,"href":"https:\/\/wp2008.ius.bg.ac.rs\/kriminoloskasekcija\/wp-json\/wp\/v2\/users\/92"}],"replies":[{"embeddable":true,"href":"https:\/\/wp2008.ius.bg.ac.rs\/kriminoloskasekcija\/wp-json\/wp\/v2\/comments?post=941"}],"version-history":[{"count":3,"href":"https:\/\/wp2008.ius.bg.ac.rs\/kriminoloskasekcija\/wp-json\/wp\/v2\/posts\/941\/revisions"}],"predecessor-version":[{"id":946,"href":"https:\/\/wp2008.ius.bg.ac.rs\/kriminoloskasekcija\/wp-json\/wp\/v2\/posts\/941\/revisions\/946"}],"wp:attachment":[{"href":"https:\/\/wp2008.ius.bg.ac.rs\/kriminoloskasekcija\/wp-json\/wp\/v2\/media?parent=941"}],"wp:term":[{"taxonomy":"category","embeddable":true,"href":"https:\/\/wp2008.ius.bg.ac.rs\/kriminoloskasekcija\/wp-json\/wp\/v2\/categories?post=941"},{"taxonomy":"post_tag","embeddable":true,"href":"https:\/\/wp2008.ius.bg.ac.rs\/kriminoloskasekcija\/wp-json\/wp\/v2\/tags?post=941"}],"curies":[{"name":"wp","href":"https:\/\/api.w.org\/{rel}","templated":true}]}}